{"id":8,"date":"2017-11-04T12:55:09","date_gmt":"2017-11-04T10:55:09","guid":{"rendered":"https:\/\/naturfotomp.wordpress.com\/?p=4"},"modified":"2018-01-07T19:56:31","modified_gmt":"2018-01-07T18:56:31","slug":"erster-blogbeitrag","status":"publish","type":"post","link":"https:\/\/dia-geschichten.de\/?p=8","title":{"rendered":"Neue Webseite"},"content":{"rendered":"<p>Herzlich willkommen auf meiner neu gestalteten Webseite!<\/p>\n<p>Mein Name ist Michael P\u00fchlh\u00f6fer, und ich m\u00f6chte mit dieser Web-Pr\u00e4senz einen Einblick in meine fotografische Arbeit bieten.<\/p>\n<p>Meine fotografischen Schwerpunkt liegen zum einen in der klassischen Reportage und Street-Photography, sowohl in Schwarz-Weiss als auch in Farbe.<\/p>\n<p>Zum anderen in der Naturfotografie, die Landschafts- als auch Tiermotive umfa\u00dft. Wer mehr \u00fcber mich und meine fotografische Herangehensweise erfahren m\u00f6chte, findet dazu <a href=\"http:\/\/dia-geschichten.de\/?page_id=53\">hier<\/a> weitere Infos.<\/p>\n<p>Einen \u00dcberblick \u00fcber abgeschlossene als auch laufende Projekte sind <a href=\"http:\/\/dia-geschichten.de\/?page_id=51\">hier<\/a> zu finden, die Grundlage f\u00fcr meine Mulitivisionen, Ausstellungen oder Ver\u00f6ffentlichungen in Printmedien sind.<\/p>\n<p>Nach und nach erg\u00e4nze und \u00fcberarbeite ich auch den \u00dcberblick \u00fcber mein <a href=\"http:\/\/dia-geschichten.de\/?page_id=50\">Portfolio<\/a>, das nat\u00fcrlich nur einen begrenzten aber dennoch repr\u00e4sentativen Einblick in meine fotografische Arbeit bietet.<\/p>\n<p>Ab und an werde ich hier \u00fcber &#8222;Aktuelles&#8220; berichten, Projekte mit denen ich mich aktuell besch\u00e4ftige, Eindr\u00fccke, die mich inspirieren und weitere Neuigkeiten, die ich gerne teilen m\u00f6chte.<\/p>\n<p>Sollte dar\u00fcberhinaus Informationsbedarf bestehen, freue ich mich \u00fcber eine Kontaktaufnahme per <a href=\"http:\/\/dia-geschichten.de\/?page_id=251\">email<\/a>.<\/p>\n<p>&nbsp;<\/p>\n<p>Herzlichst,<\/p>\n<p><em>Michael P\u00fchlh\u00f6fer<\/em><\/p>\n","protected":false},"excerpt":{"rendered":"<p>Herzlich willkommen auf meiner neu gestalteten Webseite! Mein Name ist Michael P\u00fchlh\u00f6fer, und ich m\u00f6chte mit dieser Web-Pr\u00e4senz einen Einblick in meine fotografische Arbeit bieten. Meine fotografischen Schwerpunkt liegen zum einen in der klassischen Reportage und Street-Photography, sowohl in Schwarz-Weiss als auch in Farbe. Zum anderen in der Naturfotografie, die Landschafts- als auch Tiermotive umfa\u00dft. [&hellip;]<\/p>\n","protected":false},"author":1,"featured_media":350,"comment_status":"open","ping_status":"open","sticky":false,"template":"","format":"standard","meta":[],"categories":[2],"tags":[],"jetpack_featured_media_url":"https:\/\/i0.wp.com\/dia-geschichten.de\/wp-content\/uploads\/2017\/11\/2010-01-16_0029_Heidelberg.jpg?fit=800%2C800&ssl=1","jetpack_shortlink":"https:\/\/wp.me\/p9wkzc-8","jetpack_likes_enabled":true,"_links":{"self":[{"href":"https:\/\/dia-geschichten.de\/index.php?rest_route=\/wp\/v2\/posts\/8"}],"collection":[{"href":"https:\/\/dia-geschichten.de\/index.php?rest_route=\/wp\/v2\/posts"}],"about":[{"href":"https:\/\/dia-geschichten.de\/index.php?rest_route=\/wp\/v2\/types\/post"}],"author":[{"embeddable":true,"href":"https:\/\/dia-geschichten.de\/index.php?rest_route=\/wp\/v2\/users\/1"}],"replies":[{"embeddable":true,"href":"https:\/\/dia-geschichten.de\/index.php?rest_route=%2Fwp%2Fv2%2Fcomments&post=8"}],"version-history":[{"count":5,"href":"https:\/\/dia-geschichten.de\/index.php?rest_route=\/wp\/v2\/posts\/8\/revisions"}],"predecessor-version":[{"id":202,"href":"https:\/\/dia-geschichten.de\/index.php?rest_route=\/wp\/v2\/posts\/8\/revisions\/202"}],"wp:featuredmedia":[{"embeddable":true,"href":"https:\/\/dia-geschichten.de\/index.php?rest_route=\/wp\/v2\/media\/350"}],"wp:attachment":[{"href":"https:\/\/dia-geschichten.de\/index.php?rest_route=%2Fwp%2Fv2%2Fmedia&parent=8"}],"wp:term":[{"taxonomy":"category","embeddable":true,"href":"https:\/\/dia-geschichten.de\/index.php?rest_route=%2Fwp%2Fv2%2Fcategories&post=8"},{"taxonomy":"post_tag","embeddable":true,"href":"https:\/\/dia-geschichten.de\/index.php?rest_route=%2Fwp%2Fv2%2Ftags&post=8"}],"curies":[{"name":"wp","href":"https:\/\/api.w.org\/{rel}","templated":true}]}}