{"id":467,"date":"2019-05-12T20:26:33","date_gmt":"2019-05-12T19:26:33","guid":{"rendered":"https:\/\/dia-geschichten.de\/?p=467"},"modified":"2019-05-12T20:26:38","modified_gmt":"2019-05-12T19:26:38","slug":"winter-auf-den-lofoten","status":"publish","type":"post","link":"https:\/\/dia-geschichten.de\/?p=467","title":{"rendered":"Winter auf den Lofoten"},"content":{"rendered":"\n<figure class=\"wp-block-image\"><img data-attachment-id=\"468\" data-permalink=\"https:\/\/dia-geschichten.de\/?attachment_id=468#main\" data-orig-file=\"https:\/\/i0.wp.com\/dia-geschichten.de\/wp-content\/uploads\/2019\/05\/7N1A2427.jpg?fit=1200%2C800&amp;ssl=1\" data-orig-size=\"1200,800\" data-comments-opened=\"0\" data-image-meta=\"{&quot;aperture&quot;:&quot;0&quot;,&quot;credit&quot;:&quot;THEISEN JEAN&quot;,&quot;camera&quot;:&quot;&quot;,&quot;caption&quot;:&quot;&quot;,&quot;created_timestamp&quot;:&quot;0&quot;,&quot;copyright&quot;:&quot;Copyright 2019,  Michael Puehlhoefer&quot;,&quot;focal_length&quot;:&quot;0&quot;,&quot;iso&quot;:&quot;0&quot;,&quot;shutter_speed&quot;:&quot;0&quot;,&quot;title&quot;:&quot;&quot;,&quot;orientation&quot;:&quot;0&quot;}\" data-image-title=\"7N1A2427\" data-image-description=\"\" data-image-caption=\"\" data-medium-file=\"https:\/\/i0.wp.com\/dia-geschichten.de\/wp-content\/uploads\/2019\/05\/7N1A2427.jpg?fit=300%2C200&amp;ssl=1\" data-large-file=\"https:\/\/i0.wp.com\/dia-geschichten.de\/wp-content\/uploads\/2019\/05\/7N1A2427.jpg?fit=670%2C447&amp;ssl=1\" decoding=\"async\" loading=\"lazy\" width=\"1200\" height=\"800\" src=\"https:\/\/i2.wp.com\/dia-geschichten.de\/wp-content\/uploads\/2019\/05\/7N1A2427.jpg?fit=670%2C447&amp;ssl=1\" alt=\"\" class=\"wp-image-468\" srcset=\"https:\/\/i0.wp.com\/dia-geschichten.de\/wp-content\/uploads\/2019\/05\/7N1A2427.jpg?w=1200&amp;ssl=1 1200w, https:\/\/i0.wp.com\/dia-geschichten.de\/wp-content\/uploads\/2019\/05\/7N1A2427.jpg?resize=300%2C200&amp;ssl=1 300w, https:\/\/i0.wp.com\/dia-geschichten.de\/wp-content\/uploads\/2019\/05\/7N1A2427.jpg?resize=768%2C512&amp;ssl=1 768w, https:\/\/i0.wp.com\/dia-geschichten.de\/wp-content\/uploads\/2019\/05\/7N1A2427.jpg?resize=480%2C320&amp;ssl=1 480w\" sizes=\"(max-width: 670px) 100vw, 670px\" \/><figcaption>Im Schneesturm, danke f\u00fcr das Bild, Jean!<\/figcaption><\/figure>\n\n\n\n<p>Anfang M\u00e4rz habe ich mir einen weiteren Fotografentraum erf\u00fcllt, eine Reise im Winter auf die Lofoten. Begleitet hat mich mein Fotografen-Freund Jean. Die Lofoten sind eine Inselgruppe vor der K\u00fcste Nordnorwegens und der Traum eines Landschaftsfotografen.<\/p>\n\n\n\n<p>Da sie mehr als 100km n\u00f6rdlich des Polarkreises liegen, muss man im Winter mit Wetterextremen rechnen, obwohl die Ausl\u00e4ufer des Golfstromes f\u00fcr relative &#8222;milde&#8220; Winter sorgen. So hatte wir Ende Februar \/ Anfang M\u00e4rz Temperaturen von +5 bis -10 Grad Celsius. Tagelange St\u00fcrme mit Starkregen oder auch massivem Schneefall haben uns in unsem gem\u00fctliches Rorbuer (ehemalige Fischerh\u00fctte) festgesetzt. Da hiess es, jede Gelegenheit des wechselnen Wetters auszunutzen, um zu fotografieren. Tolle, fast surreale Lichtstimmungen und sogar die ersehnten Polarlichter konnten wir auf unsere Speicherkarten bannen. Alles in allem ein grandioses Erlebnis! Demn\u00e4chst erscheint ein kleines Portfolio dazu auf meiner Seite.<\/p>\n\n\n\n<p><br><\/p>\n\n\n\n<figure class=\"wp-block-image\"><img data-attachment-id=\"470\" data-permalink=\"https:\/\/dia-geschichten.de\/?attachment_id=470#main\" data-orig-file=\"https:\/\/i0.wp.com\/dia-geschichten.de\/wp-content\/uploads\/2019\/05\/2019-02-28_0235_Lofoten_D810.jpg?fit=1200%2C801&amp;ssl=1\" data-orig-size=\"1200,801\" data-comments-opened=\"0\" data-image-meta=\"{&quot;aperture&quot;:&quot;0&quot;,&quot;credit&quot;:&quot;&quot;,&quot;camera&quot;:&quot;&quot;,&quot;caption&quot;:&quot;&quot;,&quot;created_timestamp&quot;:&quot;0&quot;,&quot;copyright&quot;:&quot;Copyright 2019,  Michael Puehlhoefer&quot;,&quot;focal_length&quot;:&quot;0&quot;,&quot;iso&quot;:&quot;0&quot;,&quot;shutter_speed&quot;:&quot;0&quot;,&quot;title&quot;:&quot;&quot;,&quot;orientation&quot;:&quot;0&quot;}\" data-image-title=\"2019-02-28_0235_Lofoten_D810\" data-image-description=\"\" data-image-caption=\"\" data-medium-file=\"https:\/\/i0.wp.com\/dia-geschichten.de\/wp-content\/uploads\/2019\/05\/2019-02-28_0235_Lofoten_D810.jpg?fit=300%2C200&amp;ssl=1\" data-large-file=\"https:\/\/i0.wp.com\/dia-geschichten.de\/wp-content\/uploads\/2019\/05\/2019-02-28_0235_Lofoten_D810.jpg?fit=670%2C447&amp;ssl=1\" decoding=\"async\" loading=\"lazy\" width=\"1200\" height=\"801\" src=\"https:\/\/i1.wp.com\/dia-geschichten.de\/wp-content\/uploads\/2019\/05\/2019-02-28_0235_Lofoten_D810.jpg?fit=670%2C447&amp;ssl=1\" alt=\"\" class=\"wp-image-470\" srcset=\"https:\/\/i0.wp.com\/dia-geschichten.de\/wp-content\/uploads\/2019\/05\/2019-02-28_0235_Lofoten_D810.jpg?w=1200&amp;ssl=1 1200w, https:\/\/i0.wp.com\/dia-geschichten.de\/wp-content\/uploads\/2019\/05\/2019-02-28_0235_Lofoten_D810.jpg?resize=300%2C200&amp;ssl=1 300w, https:\/\/i0.wp.com\/dia-geschichten.de\/wp-content\/uploads\/2019\/05\/2019-02-28_0235_Lofoten_D810.jpg?resize=768%2C513&amp;ssl=1 768w, https:\/\/i0.wp.com\/dia-geschichten.de\/wp-content\/uploads\/2019\/05\/2019-02-28_0235_Lofoten_D810.jpg?resize=480%2C320&amp;ssl=1 480w\" sizes=\"(max-width: 670px) 100vw, 670px\" \/><\/figure>\n\n\n\n<p>Polarlicht \u00fcber dem Strand von Uttakleiv<\/p>\n","protected":false},"excerpt":{"rendered":"<p>Anfang M\u00e4rz habe ich mir einen weiteren Fotografentraum erf\u00fcllt, eine Reise im Winter auf die Lofoten. Begleitet hat mich mein Fotografen-Freund Jean. Die Lofoten sind eine Inselgruppe vor der K\u00fcste Nordnorwegens und der Traum eines Landschaftsfotografen. Da sie mehr als 100km n\u00f6rdlich des Polarkreises liegen, muss man im Winter mit Wetterextremen rechnen, obwohl die Ausl\u00e4ufer [&hellip;]<\/p>\n","protected":false},"author":1,"featured_media":0,"comment_status":"closed","ping_status":"open","sticky":false,"template":"","format":"standard","meta":[],"categories":[8],"tags":[],"jetpack_featured_media_url":"","jetpack_shortlink":"https:\/\/wp.me\/p9wkzc-7x","jetpack_likes_enabled":true,"_links":{"self":[{"href":"https:\/\/dia-geschichten.de\/index.php?rest_route=\/wp\/v2\/posts\/467"}],"collection":[{"href":"https:\/\/dia-geschichten.de\/index.php?rest_route=\/wp\/v2\/posts"}],"about":[{"href":"https:\/\/dia-geschichten.de\/index.php?rest_route=\/wp\/v2\/types\/post"}],"author":[{"embeddable":true,"href":"https:\/\/dia-geschichten.de\/index.php?rest_route=\/wp\/v2\/users\/1"}],"replies":[{"embeddable":true,"href":"https:\/\/dia-geschichten.de\/index.php?rest_route=%2Fwp%2Fv2%2Fcomments&post=467"}],"version-history":[{"count":2,"href":"https:\/\/dia-geschichten.de\/index.php?rest_route=\/wp\/v2\/posts\/467\/revisions"}],"predecessor-version":[{"id":471,"href":"https:\/\/dia-geschichten.de\/index.php?rest_route=\/wp\/v2\/posts\/467\/revisions\/471"}],"wp:attachment":[{"href":"https:\/\/dia-geschichten.de\/index.php?rest_route=%2Fwp%2Fv2%2Fmedia&parent=467"}],"wp:term":[{"taxonomy":"category","embeddable":true,"href":"https:\/\/dia-geschichten.de\/index.php?rest_route=%2Fwp%2Fv2%2Fcategories&post=467"},{"taxonomy":"post_tag","embeddable":true,"href":"https:\/\/dia-geschichten.de\/index.php?rest_route=%2Fwp%2Fv2%2Ftags&post=467"}],"curies":[{"name":"wp","href":"https:\/\/api.w.org\/{rel}","templated":true}]}}