{"id":363,"date":"2018-05-06T20:16:38","date_gmt":"2018-05-06T19:16:38","guid":{"rendered":"http:\/\/dia-geschichten.de\/?p=363"},"modified":"2018-05-06T20:16:38","modified_gmt":"2018-05-06T19:16:38","slug":"baerlauchbluete-im-nationalpark-hainich","status":"publish","type":"post","link":"https:\/\/dia-geschichten.de\/?p=363","title":{"rendered":"B\u00e4rlauchbl\u00fcte Im Nationalpark Hainich"},"content":{"rendered":"<p>Der Nationalpark Hainich ist als gr\u00f6sster zusammenh\u00e4ngender Laubwald Deutschlands etwas ganz besonderes.<br \/>\nNicht umsonst ist er Bestandteil des UNESCO-Weltnaturerbe &#8222;Buchenurw\u00e4lder der Karpaten und Alte Buchenw\u00e4lder Deutschlands&#8220;.<br \/>\nZwar kein Urwald im eigentlichen Sinne, sondern erst auf dem Weg dahin, aber dennoch gibt es nicht mehr viele Orte in Deutschland,<br \/>\nwo man einen Laubwald, der sich selbst \u00fcberlassen ist, erleben kann.<\/p>\n<p>&#8222;Natur Natur sein lassen!&#8220;, so lautet das Motto im Hainich, wie in allen anderen Nationalparks Deutschlands.<\/p>\n<p>Insbesondere im zeitigen Fr\u00fchjahr zeigt sich der Waldboden in seiner ganzen bunten Pracht.<\/p>\n<div id=\"attachment_364\" style=\"width: 310px\" class=\"wp-caption alignnone\"><img aria-describedby=\"caption-attachment-364\" data-attachment-id=\"364\" data-permalink=\"https:\/\/dia-geschichten.de\/?attachment_id=364#main\" data-orig-file=\"https:\/\/i0.wp.com\/dia-geschichten.de\/wp-content\/uploads\/2018\/05\/2018-04-30_0210_Hainich.jpg?fit=1200%2C800&amp;ssl=1\" data-orig-size=\"1200,800\" data-comments-opened=\"0\" data-image-meta=\"{&quot;aperture&quot;:&quot;0&quot;,&quot;credit&quot;:&quot;&quot;,&quot;camera&quot;:&quot;&quot;,&quot;caption&quot;:&quot;&quot;,&quot;created_timestamp&quot;:&quot;0&quot;,&quot;copyright&quot;:&quot;Copyright 2018,  Michael Puehlhoefer&quot;,&quot;focal_length&quot;:&quot;0&quot;,&quot;iso&quot;:&quot;0&quot;,&quot;shutter_speed&quot;:&quot;0&quot;,&quot;title&quot;:&quot;&quot;,&quot;orientation&quot;:&quot;0&quot;}\" data-image-title=\"2018-04-30_0210_Hainich\" data-image-description=\"&lt;p&gt;B\u00e4rlauchbl\u00fcte im Hainich Nationalpark, Th\u00fcringen, Deutschland&lt;\/p&gt;\n\" data-image-caption=\"&lt;p&gt;B\u00e4rlauchbl\u00fcte im Hainich Nationalpark, Th\u00fcringen, Deutschland&lt;\/p&gt;\n\" data-medium-file=\"https:\/\/i0.wp.com\/dia-geschichten.de\/wp-content\/uploads\/2018\/05\/2018-04-30_0210_Hainich.jpg?fit=300%2C200&amp;ssl=1\" data-large-file=\"https:\/\/i0.wp.com\/dia-geschichten.de\/wp-content\/uploads\/2018\/05\/2018-04-30_0210_Hainich.jpg?fit=670%2C447&amp;ssl=1\" decoding=\"async\" loading=\"lazy\" class=\"size-medium wp-image-364\" src=\"https:\/\/i0.wp.com\/dia-geschichten.de\/wp-content\/uploads\/2018\/05\/2018-04-30_0210_Hainich-300x200.jpg?resize=300%2C200\" alt=\"\" width=\"300\" height=\"200\" srcset=\"https:\/\/i0.wp.com\/dia-geschichten.de\/wp-content\/uploads\/2018\/05\/2018-04-30_0210_Hainich.jpg?resize=300%2C200&amp;ssl=1 300w, https:\/\/i0.wp.com\/dia-geschichten.de\/wp-content\/uploads\/2018\/05\/2018-04-30_0210_Hainich.jpg?resize=768%2C512&amp;ssl=1 768w, https:\/\/i0.wp.com\/dia-geschichten.de\/wp-content\/uploads\/2018\/05\/2018-04-30_0210_Hainich.jpg?w=1200&amp;ssl=1 1200w, https:\/\/i0.wp.com\/dia-geschichten.de\/wp-content\/uploads\/2018\/05\/2018-04-30_0210_Hainich.jpg?resize=480%2C320&amp;ssl=1 480w\" sizes=\"(max-width: 300px) 100vw, 300px\" data-recalc-dims=\"1\" \/><p id=\"caption-attachment-364\" class=\"wp-caption-text\">B\u00e4rlauchbl\u00fcte im Hainich Nationalpark, Th\u00fcringen, Deutschland<\/p><\/div>\n<p>Schon lange stand der Hainich auf meiner fotografischen &#8222;ToDo&#8220; Liste. Nun war es EndeApril so weit.<br \/>\nDer Hohle Lerchensporn war leider schon verbl\u00fcht und f\u00fcr den B\u00e4rlauch war es eigentlich noch zu fr\u00fch.<br \/>\nDennoch hatte ich Gl\u00fcck und habe vielleicht das erste gro\u00dffl\u00e4chige bl\u00fchende B\u00e4rlauchfeld am 30. April kurz vor Sonnenuntergang mit der Kamera verewigt.<\/p>\n<p>Ein wirklich beeindruckendes Sinnenerlebnis, f\u00fcr&#8217;s Auge, wie f\u00fcr die Nase!<\/p>\n","protected":false},"excerpt":{"rendered":"<p>Der Nationalpark Hainich ist als gr\u00f6sster zusammenh\u00e4ngender Laubwald Deutschlands etwas ganz besonderes. Nicht umsonst ist er Bestandteil des UNESCO-Weltnaturerbe &#8222;Buchenurw\u00e4lder der Karpaten und Alte Buchenw\u00e4lder Deutschlands&#8220;. Zwar kein Urwald im eigentlichen Sinne, sondern erst auf dem Weg dahin, aber dennoch gibt es nicht mehr viele Orte in Deutschland, wo man einen Laubwald, der sich selbst [&hellip;]<\/p>\n","protected":false},"author":1,"featured_media":0,"comment_status":"closed","ping_status":"closed","sticky":false,"template":"","format":"image","meta":[],"categories":[8],"tags":[],"jetpack_featured_media_url":"","jetpack_shortlink":"https:\/\/wp.me\/p9wkzc-5R","jetpack_likes_enabled":true,"_links":{"self":[{"href":"https:\/\/dia-geschichten.de\/index.php?rest_route=\/wp\/v2\/posts\/363"}],"collection":[{"href":"https:\/\/dia-geschichten.de\/index.php?rest_route=\/wp\/v2\/posts"}],"about":[{"href":"https:\/\/dia-geschichten.de\/index.php?rest_route=\/wp\/v2\/types\/post"}],"author":[{"embeddable":true,"href":"https:\/\/dia-geschichten.de\/index.php?rest_route=\/wp\/v2\/users\/1"}],"replies":[{"embeddable":true,"href":"https:\/\/dia-geschichten.de\/index.php?rest_route=%2Fwp%2Fv2%2Fcomments&post=363"}],"version-history":[{"count":2,"href":"https:\/\/dia-geschichten.de\/index.php?rest_route=\/wp\/v2\/posts\/363\/revisions"}],"predecessor-version":[{"id":366,"href":"https:\/\/dia-geschichten.de\/index.php?rest_route=\/wp\/v2\/posts\/363\/revisions\/366"}],"wp:attachment":[{"href":"https:\/\/dia-geschichten.de\/index.php?rest_route=%2Fwp%2Fv2%2Fmedia&parent=363"}],"wp:term":[{"taxonomy":"category","embeddable":true,"href":"https:\/\/dia-geschichten.de\/index.php?rest_route=%2Fwp%2Fv2%2Fcategories&post=363"},{"taxonomy":"post_tag","embeddable":true,"href":"https:\/\/dia-geschichten.de\/index.php?rest_route=%2Fwp%2Fv2%2Ftags&post=363"}],"curies":[{"name":"wp","href":"https:\/\/api.w.org\/{rel}","templated":true}]}}